{"id":9325,"date":"2025-11-12T17:30:36","date_gmt":"2025-11-12T16:30:36","guid":{"rendered":"https:\/\/federtec.it\/?p=9325"},"modified":"2025-11-12T17:32:05","modified_gmt":"2025-11-12T16:32:05","slug":"clip-innovation-alliance-forum-2025","status":"publish","type":"post","link":"https:\/\/federtec.it\/?p=9325","title":{"rendered":"Clip Innovation Alliance Forum 2025"},"content":{"rendered":"<p><strong>Innovation Alliance Forum 2025, <\/strong>la pi\u00f9 grande occasione di networking inter-associativo a livello nazionale, vivr\u00e0 attraverso uno spazio espositivo con presenti aziende leader nei tre settori sopra citati (oltre 50 espositori) e con corner dedicati in cui ognuna delle tre Associazioni organizzer\u00e0 convegni che si inseriscono nel calendario dell\u2019anno.<\/p>\n<ul>\n<li><strong>FEDERTEC<\/strong>\u00a0avr\u00e0 la seconda parte della\u00a0<strong>Giornata Economica<\/strong>\u00a0con Focus sull\u2019internazionalit\u00e0, ci sar\u00e0 il lancio delle attivit\u00e0 di\u00a0<strong>Federtec Academy\u00a0<\/strong>e verranno svelate le\u00a0<strong>Giornate Tematiche<\/strong>\u00a0che vivranno nel 2026.<\/li>\n<li><strong>AIAS<\/strong> sar\u00e0 protagonista con la 10\u00b0 tappa di \u201cAIAS On The Road\u201d, il tour itinerante per i festeggiamenti del 50\u00b0 Anniversario di Fondazione. Focus sul Nuovo Accordo Stato-Regioni in ambito Formazione<\/li>\n<li><strong>A.I.MAN<\/strong>. organizzer\u00e0 MAST, l\u2019appuntamento da non perdere per chi lavora in Manutenzione. Focus sull\u2019Italian Maintenance Manager Award e sul resoconto dei lavori in ambito Sostenibilit\u00e0, Manutenzione &amp; Alimentare e Manutenzione Oil &amp; Gas \/ Petrolchimico, oltre al lancio di SII-Maintenance 2026.<\/li>\n<\/ul>\n<p><a href=\"https:\/\/www.youtube.com\/watch?v=gAKJ7bsaNrE\" target=\"_blank\" rel=\"noopener\"><strong>VIDEO<\/strong><\/a><\/p>\n<p><a href=\"https:\/\/drive.google.com\/file\/d\/1wj8_sMJ7rnGRcTsOTWwBsVfSGyhudk3U\/view\" target=\"_blank\" rel=\"noopener\"><strong>PROGRAMMA<\/strong><\/a><\/p>\n<p><a href=\"https:\/\/www.eventbrite.it\/e\/biglietti-hub-meccatronica-1784232711069?aff=oddtdtcreator\" target=\"_blank\" rel=\"noopener\"><strong>ISCRIZIONI<\/strong><\/a><\/p>\n","protected":false},"excerpt":{"rendered":"<p>Innovation Alliance Forum 2025, la pi\u00f9 grande occasione di networking inter-associativo a livello nazionale, vivr\u00e0 attraverso uno spazio espositivo con presenti aziende leader nei tre settori sopra citati (oltre 50 espositori) e con corner dedicati in cui ognuna delle tre Associazioni organizzer\u00e0 convegni che si inseriscono nel calendario dell\u2019anno. FEDERTEC\u00a0avr\u00e0 la seconda parte della\u00a0Giornata Economica\u00a0con<\/p>\n","protected":false},"author":262,"featured_media":9327,"comment_status":"open","ping_status":"open","sticky":false,"template":"","format":"standard","meta":{"_acf_changed":false,"footnotes":""},"categories":[1],"tags":[],"class_list":["post-9325","post","type-post","status-publish","format-standard","has-post-thumbnail","hentry","category-news"],"acf":[],"_links":{"self":[{"href":"https:\/\/federtec.it\/index.php?rest_route=\/wp\/v2\/posts\/9325","targetHints":{"allow":["GET"]}}],"collection":[{"href":"https:\/\/federtec.it\/index.php?rest_route=\/wp\/v2\/posts"}],"about":[{"href":"https:\/\/federtec.it\/index.php?rest_route=\/wp\/v2\/types\/post"}],"author":[{"embeddable":true,"href":"https:\/\/federtec.it\/index.php?rest_route=\/wp\/v2\/users\/262"}],"replies":[{"embeddable":true,"href":"https:\/\/federtec.it\/index.php?rest_route=%2Fwp%2Fv2%2Fcomments&post=9325"}],"version-history":[{"count":1,"href":"https:\/\/federtec.it\/index.php?rest_route=\/wp\/v2\/posts\/9325\/revisions"}],"predecessor-version":[{"id":9326,"href":"https:\/\/federtec.it\/index.php?rest_route=\/wp\/v2\/posts\/9325\/revisions\/9326"}],"wp:featuredmedia":[{"embeddable":true,"href":"https:\/\/federtec.it\/index.php?rest_route=\/wp\/v2\/media\/9327"}],"wp:attachment":[{"href":"https:\/\/federtec.it\/index.php?rest_route=%2Fwp%2Fv2%2Fmedia&parent=9325"}],"wp:term":[{"taxonomy":"category","embeddable":true,"href":"https:\/\/federtec.it\/index.php?rest_route=%2Fwp%2Fv2%2Fcategories&post=9325"},{"taxonomy":"post_tag","embeddable":true,"href":"https:\/\/federtec.it\/index.php?rest_route=%2Fwp%2Fv2%2Ftags&post=9325"}],"curies":[{"name":"wp","href":"https:\/\/api.w.org\/{rel}","templated":true}]}}